{"id":24390,"date":"2025-01-13T10:27:20","date_gmt":"2025-01-13T09:27:20","guid":{"rendered":"https:\/\/obrop.uwr.edu.pl\/2025\/01\/13\/staz-badawczy-elzbiety-opilowskiej-w-leibniz-institute-for-regional-geography\/"},"modified":"2025-01-13T13:40:09","modified_gmt":"2025-01-13T12:40:09","slug":"staz-badawczy-elzbiety-opilowskiej-w-leibniz-institute-for-regional-geography","status":"publish","type":"post","link":"https:\/\/obrop.uwr.edu.pl\/en\/2025\/01\/13\/staz-badawczy-elzbiety-opilowskiej-w-leibniz-institute-for-regional-geography\/","title":{"rendered":"El\u017cbieta Opi\u0142owska&#8217;s research stay at the Leibniz Institute for Regional Geography"},"content":{"rendered":"\n<p>As part of a DAAD scholarship, El\u017cbieta Opi\u0142owska held a research internship at the Leibniz Institute for Regional Geography in Leipzig from September to December 2024.<\/p>\n\n\n\n<figure class=\"wp-block-image aligncenter size-large\"><img loading=\"lazy\" decoding=\"async\" width=\"1024\" height=\"537\" src=\"https:\/\/obrop.uwr.edu.pl\/wp-content\/uploads\/sites\/570\/2025\/01\/obrop1-1024x537.jpg\" alt=\"sala konferancyjna\" class=\"wp-image-24252\" srcset=\"https:\/\/obrop.uwr.edu.pl\/wp-content\/uploads\/sites\/570\/2025\/01\/obrop1-1024x537.jpg 1024w, https:\/\/obrop.uwr.edu.pl\/wp-content\/uploads\/sites\/570\/2025\/01\/obrop1-300x157.jpg 300w, https:\/\/obrop.uwr.edu.pl\/wp-content\/uploads\/sites\/570\/2025\/01\/obrop1-768x403.jpg 768w, https:\/\/obrop.uwr.edu.pl\/wp-content\/uploads\/sites\/570\/2025\/01\/obrop1-1536x806.jpg 1536w, https:\/\/obrop.uwr.edu.pl\/wp-content\/uploads\/sites\/570\/2025\/01\/obrop1-1320x692.jpg 1320w, https:\/\/obrop.uwr.edu.pl\/wp-content\/uploads\/sites\/570\/2025\/01\/obrop1-24x13.jpg 24w, https:\/\/obrop.uwr.edu.pl\/wp-content\/uploads\/sites\/570\/2025\/01\/obrop1-36x19.jpg 36w, https:\/\/obrop.uwr.edu.pl\/wp-content\/uploads\/sites\/570\/2025\/01\/obrop1-48x25.jpg 48w, https:\/\/obrop.uwr.edu.pl\/wp-content\/uploads\/sites\/570\/2025\/01\/obrop1.jpg 2048w\" sizes=\"auto, (max-width: 1024px) 100vw, 1024px\" \/><\/figure>\n\n\n\n<p><\/p>\n","protected":false},"excerpt":{"rendered":"<p>As part of a DAAD scholarship, El\u017cbieta Opi\u0142owska held a research internship at the Leibniz Institute for Regional Geography in Leipzig from September to December 2024.<\/p>\n","protected":false},"author":2232,"featured_media":24255,"comment_status":"closed","ping_status":"closed","sticky":false,"template":"","format":"standard","meta":{"_acf_changed":false,"inline_featured_image":false,"site-sidebar-layout":"default","site-content-layout":"","ast-site-content-layout":"default","site-content-style":"default","site-sidebar-style":"default","ast-global-header-display":"","ast-banner-title-visibility":"","ast-main-header-display":"","ast-hfb-above-header-display":"","ast-hfb-below-header-display":"","ast-hfb-mobile-header-display":"","site-post-title":"","ast-breadcrumbs-content":"","ast-featured-img":"","footer-sml-layout":"","ast-disable-related-posts":"","theme-transparent-header-meta":"","adv-header-id-meta":"","stick-header-meta":"","header-above-stick-meta":"","header-main-stick-meta":"","header-below-stick-meta":"","astra-migrate-meta-layouts":"set","ast-page-background-enabled":"default","ast-page-background-meta":{"desktop":{"background-color":"","background-image":"","background-repeat":"repeat","background-position":"center center","background-size":"auto","background-attachment":"scroll","background-type":"","background-media":"","overlay-type":"","overlay-color":"","overlay-opacity":"","overlay-gradient":""},"tablet":{"background-color":"","background-image":"","background-repeat":"repeat","background-position":"center center","background-size":"auto","background-attachment":"scroll","background-type":"","background-media":"","overlay-type":"","overlay-color":"","overlay-opacity":"","overlay-gradient":""},"mobile":{"background-color":"","background-image":"","background-repeat":"repeat","background-position":"center center","background-size":"auto","background-attachment":"scroll","background-type":"","background-media":"","overlay-type":"","overlay-color":"","overlay-opacity":"","overlay-gradient":""}},"ast-content-background-meta":{"desktop":{"background-color":"var(--ast-global-color-5)","background-image":"","background-repeat":"repeat","background-position":"center center","background-size":"auto","background-attachment":"scroll","background-type":"","background-media":"","overlay-type":"","overlay-color":"","overlay-opacity":"","overlay-gradient":""},"tablet":{"background-color":"var(--ast-global-color-5)","background-image":"","background-repeat":"repeat","background-position":"center center","background-size":"auto","background-attachment":"scroll","background-type":"","background-media":"","overlay-type":"","overlay-color":"","overlay-opacity":"","overlay-gradient":""},"mobile":{"background-color":"var(--ast-global-color-5)","background-image":"","background-repeat":"repeat","background-position":"center center","background-size":"auto","background-attachment":"scroll","background-type":"","background-media":"","overlay-type":"","overlay-color":"","overlay-opacity":"","overlay-gradient":""}},"footnotes":""},"categories":[228],"tags":[],"class_list":["post-24390","post","type-post","status-publish","format-standard","has-post-thumbnail","hentry","category-aktualnosci-en"],"featured_image_urls_v2":{"full":["https:\/\/obrop.uwr.edu.pl\/wp-content\/uploads\/sites\/570\/2025\/01\/obrop1.jpg",2048,1074,false],"thumbnail":["https:\/\/obrop.uwr.edu.pl\/wp-content\/uploads\/sites\/570\/2025\/01\/obrop1-150x150.jpg",150,150,true],"medium":["https:\/\/obrop.uwr.edu.pl\/wp-content\/uploads\/sites\/570\/2025\/01\/obrop1-300x157.jpg",300,157,true],"medium_large":["https:\/\/obrop.uwr.edu.pl\/wp-content\/uploads\/sites\/570\/2025\/01\/obrop1-768x403.jpg",768,403,true],"large":["https:\/\/obrop.uwr.edu.pl\/wp-content\/uploads\/sites\/570\/2025\/01\/obrop1-1024x537.jpg",1024,537,true],"1536x1536":["https:\/\/obrop.uwr.edu.pl\/wp-content\/uploads\/sites\/570\/2025\/01\/obrop1-1536x806.jpg",1536,806,true],"2048x2048":["https:\/\/obrop.uwr.edu.pl\/wp-content\/uploads\/sites\/570\/2025\/01\/obrop1.jpg",2048,1074,false],"menu-24x24":["https:\/\/obrop.uwr.edu.pl\/wp-content\/uploads\/sites\/570\/2025\/01\/obrop1-24x13.jpg",24,13,true],"menu-36x36":["https:\/\/obrop.uwr.edu.pl\/wp-content\/uploads\/sites\/570\/2025\/01\/obrop1-36x19.jpg",36,19,true],"menu-48x48":["https:\/\/obrop.uwr.edu.pl\/wp-content\/uploads\/sites\/570\/2025\/01\/obrop1-48x25.jpg",48,25,true]},"post_excerpt_stackable_v2":"<p>As part of a DAAD scholarship, El\u017cbieta Opi\u0142owska held a research internship at the Leibniz Institute for Regional Geography in Leipzig from September to December 2024.<\/p>\n","category_list_v2":"<a href=\"https:\/\/obrop.uwr.edu.pl\/en\/category\/aktualnosci-en\/\" rel=\"category tag\">Aktualno\u015bci<\/a>","author_info_v2":{"name":"lstachowski","url":"https:\/\/obrop.uwr.edu.pl\/en\/author\/lstachowski\/"},"comments_num_v2":"0 comments","acf":[],"yoast_head":"<!-- This site is optimized with the Yoast SEO plugin v27.1.1 - https:\/\/yoast.com\/product\/yoast-seo-wordpress\/ -->\n<title>El\u017cbieta Opi\u0142owska&#039;s research stay at the Leibniz Institute for Regional Geography - O\u015brodek Bada\u0144 Regionalnych i Obszar\u00f3w Pogranicza<\/title>\n<meta name=\"robots\" content=\"index, follow, max-snippet:-1, max-image-preview:large, max-video-preview:-1\" \/>\n<link rel=\"canonical\" href=\"https:\/\/obrop.uwr.edu.pl\/en\/2025\/01\/13\/staz-badawczy-elzbiety-opilowskiej-w-leibniz-institute-for-regional-geography\/\" \/>\n<meta property=\"og:locale\" content=\"en_US\" \/>\n<meta property=\"og:type\" content=\"article\" \/>\n<meta property=\"og:title\" content=\"El\u017cbieta Opi\u0142owska&#039;s research stay at the Leibniz Institute for Regional Geography - O\u015brodek Bada\u0144 Regionalnych i Obszar\u00f3w Pogranicza\" \/>\n<meta property=\"og:description\" content=\"As part of a DAAD scholarship, El\u017cbieta Opi\u0142owska held a research internship at the Leibniz Institute for Regional Geography in Leipzig from September to December 2024.\" \/>\n<meta property=\"og:url\" content=\"https:\/\/obrop.uwr.edu.pl\/en\/2025\/01\/13\/staz-badawczy-elzbiety-opilowskiej-w-leibniz-institute-for-regional-geography\/\" \/>\n<meta property=\"og:site_name\" content=\"O\u015brodek Bada\u0144 Regionalnych i Obszar\u00f3w Pogranicza\" \/>\n<meta property=\"article:published_time\" content=\"2025-01-13T09:27:20+00:00\" \/>\n<meta property=\"article:modified_time\" content=\"2025-01-13T12:40:09+00:00\" \/>\n<meta property=\"og:image\" content=\"https:\/\/obrop.uwr.edu.pl\/wp-content\/uploads\/sites\/570\/2025\/01\/obrop1.jpg\" \/>\n\t<meta property=\"og:image:width\" content=\"2048\" \/>\n\t<meta property=\"og:image:height\" content=\"1074\" \/>\n\t<meta property=\"og:image:type\" content=\"image\/jpeg\" \/>\n<meta name=\"author\" content=\"lstachowski\" \/>\n<meta name=\"twitter:card\" content=\"summary_large_image\" \/>\n<meta name=\"twitter:label1\" content=\"Written by\" \/>\n\t<meta name=\"twitter:data1\" content=\"lstachowski\" \/>\n\t<meta name=\"twitter:label2\" content=\"Est. reading time\" \/>\n\t<meta name=\"twitter:data2\" content=\"1 minute\" \/>\n<script type=\"application\/ld+json\" class=\"yoast-schema-graph\">{\"@context\":\"https:\/\/schema.org\",\"@graph\":[{\"@type\":\"Article\",\"@id\":\"https:\/\/obrop.uwr.edu.pl\/en\/2025\/01\/13\/staz-badawczy-elzbiety-opilowskiej-w-leibniz-institute-for-regional-geography\/#article\",\"isPartOf\":{\"@id\":\"https:\/\/obrop.uwr.edu.pl\/en\/2025\/01\/13\/staz-badawczy-elzbiety-opilowskiej-w-leibniz-institute-for-regional-geography\/\"},\"author\":{\"name\":\"lstachowski\",\"@id\":\"https:\/\/obrop.uwr.edu.pl\/#\/schema\/person\/a53fa67ac47aad432dd79d3e4d351ad0\"},\"headline\":\"El\u017cbieta Opi\u0142owska&#8217;s research stay at the Leibniz Institute for Regional Geography\",\"datePublished\":\"2025-01-13T09:27:20+00:00\",\"dateModified\":\"2025-01-13T12:40:09+00:00\",\"mainEntityOfPage\":{\"@id\":\"https:\/\/obrop.uwr.edu.pl\/en\/2025\/01\/13\/staz-badawczy-elzbiety-opilowskiej-w-leibniz-institute-for-regional-geography\/\"},\"wordCount\":41,\"publisher\":{\"@id\":\"https:\/\/obrop.uwr.edu.pl\/#organization\"},\"image\":{\"@id\":\"https:\/\/obrop.uwr.edu.pl\/en\/2025\/01\/13\/staz-badawczy-elzbiety-opilowskiej-w-leibniz-institute-for-regional-geography\/#primaryimage\"},\"thumbnailUrl\":\"https:\/\/obrop.uwr.edu.pl\/wp-content\/uploads\/sites\/570\/2025\/01\/obrop1.jpg\",\"articleSection\":[\"Aktualno\u015bci\"],\"inLanguage\":\"en-US\"},{\"@type\":\"WebPage\",\"@id\":\"https:\/\/obrop.uwr.edu.pl\/en\/2025\/01\/13\/staz-badawczy-elzbiety-opilowskiej-w-leibniz-institute-for-regional-geography\/\",\"url\":\"https:\/\/obrop.uwr.edu.pl\/en\/2025\/01\/13\/staz-badawczy-elzbiety-opilowskiej-w-leibniz-institute-for-regional-geography\/\",\"name\":\"El\u017cbieta Opi\u0142owska's research stay at the Leibniz Institute for Regional Geography - O\u015brodek Bada\u0144 Regionalnych i Obszar\u00f3w Pogranicza\",\"isPartOf\":{\"@id\":\"https:\/\/obrop.uwr.edu.pl\/#website\"},\"primaryImageOfPage\":{\"@id\":\"https:\/\/obrop.uwr.edu.pl\/en\/2025\/01\/13\/staz-badawczy-elzbiety-opilowskiej-w-leibniz-institute-for-regional-geography\/#primaryimage\"},\"image\":{\"@id\":\"https:\/\/obrop.uwr.edu.pl\/en\/2025\/01\/13\/staz-badawczy-elzbiety-opilowskiej-w-leibniz-institute-for-regional-geography\/#primaryimage\"},\"thumbnailUrl\":\"https:\/\/obrop.uwr.edu.pl\/wp-content\/uploads\/sites\/570\/2025\/01\/obrop1.jpg\",\"datePublished\":\"2025-01-13T09:27:20+00:00\",\"dateModified\":\"2025-01-13T12:40:09+00:00\",\"breadcrumb\":{\"@id\":\"https:\/\/obrop.uwr.edu.pl\/en\/2025\/01\/13\/staz-badawczy-elzbiety-opilowskiej-w-leibniz-institute-for-regional-geography\/#breadcrumb\"},\"inLanguage\":\"en-US\",\"potentialAction\":[{\"@type\":\"ReadAction\",\"target\":[\"https:\/\/obrop.uwr.edu.pl\/en\/2025\/01\/13\/staz-badawczy-elzbiety-opilowskiej-w-leibniz-institute-for-regional-geography\/\"]}]},{\"@type\":\"ImageObject\",\"inLanguage\":\"en-US\",\"@id\":\"https:\/\/obrop.uwr.edu.pl\/en\/2025\/01\/13\/staz-badawczy-elzbiety-opilowskiej-w-leibniz-institute-for-regional-geography\/#primaryimage\",\"url\":\"https:\/\/obrop.uwr.edu.pl\/wp-content\/uploads\/sites\/570\/2025\/01\/obrop1.jpg\",\"contentUrl\":\"https:\/\/obrop.uwr.edu.pl\/wp-content\/uploads\/sites\/570\/2025\/01\/obrop1.jpg\",\"width\":2048,\"height\":1074,\"caption\":\"grupa ludzi w sali konferencyjnej\"},{\"@type\":\"BreadcrumbList\",\"@id\":\"https:\/\/obrop.uwr.edu.pl\/en\/2025\/01\/13\/staz-badawczy-elzbiety-opilowskiej-w-leibniz-institute-for-regional-geography\/#breadcrumb\",\"itemListElement\":[{\"@type\":\"ListItem\",\"position\":1,\"name\":\"Strona g\u0142\u00f3wna\",\"item\":\"https:\/\/obrop.uwr.edu.pl\/en\/\"},{\"@type\":\"ListItem\",\"position\":2,\"name\":\"El\u017cbieta Opi\u0142owska&#8217;s research stay at the Leibniz Institute for Regional Geography\"}]},{\"@type\":\"WebSite\",\"@id\":\"https:\/\/obrop.uwr.edu.pl\/#website\",\"url\":\"https:\/\/obrop.uwr.edu.pl\/\",\"name\":\"O\u015brodek Bada\u0144 Regionalnych i Obszar\u00f3w Pogranicza\",\"description\":\"Kolejna witryna sieci \u201eUWR Witryny\u201d\",\"publisher\":{\"@id\":\"https:\/\/obrop.uwr.edu.pl\/#organization\"},\"potentialAction\":[{\"@type\":\"SearchAction\",\"target\":{\"@type\":\"EntryPoint\",\"urlTemplate\":\"https:\/\/obrop.uwr.edu.pl\/?s={search_term_string}\"},\"query-input\":{\"@type\":\"PropertyValueSpecification\",\"valueRequired\":true,\"valueName\":\"search_term_string\"}}],\"inLanguage\":\"en-US\"},{\"@type\":\"Organization\",\"@id\":\"https:\/\/obrop.uwr.edu.pl\/#organization\",\"name\":\"O\u015brodek Bada\u0144 Regionalnych i Obszar\u00f3w Pogranicza\",\"url\":\"https:\/\/obrop.uwr.edu.pl\/\",\"logo\":{\"@type\":\"ImageObject\",\"inLanguage\":\"en-US\",\"@id\":\"https:\/\/obrop.uwr.edu.pl\/#\/schema\/logo\/image\/\",\"url\":\"https:\/\/obrop.uwr.edu.pl\/wp-content\/uploads\/sites\/570\/2025\/10\/UWr-logotyp-2025.png\",\"contentUrl\":\"https:\/\/obrop.uwr.edu.pl\/wp-content\/uploads\/sites\/570\/2025\/10\/UWr-logotyp-2025.png\",\"width\":764,\"height\":269,\"caption\":\"O\u015brodek Bada\u0144 Regionalnych i Obszar\u00f3w Pogranicza\"},\"image\":{\"@id\":\"https:\/\/obrop.uwr.edu.pl\/#\/schema\/logo\/image\/\"}},{\"@type\":\"Person\",\"@id\":\"https:\/\/obrop.uwr.edu.pl\/#\/schema\/person\/a53fa67ac47aad432dd79d3e4d351ad0\",\"name\":\"lstachowski\",\"image\":{\"@type\":\"ImageObject\",\"inLanguage\":\"en-US\",\"@id\":\"https:\/\/obrop.uwr.edu.pl\/#\/schema\/person\/image\/\",\"url\":\"https:\/\/secure.gravatar.com\/avatar\/fdc4c50d21ee38c712a3d149840da366fefc2bb8a0fd4427dc62c6d8258354af?s=96&d=blank&r=g\",\"contentUrl\":\"https:\/\/secure.gravatar.com\/avatar\/fdc4c50d21ee38c712a3d149840da366fefc2bb8a0fd4427dc62c6d8258354af?s=96&d=blank&r=g\",\"caption\":\"lstachowski\"},\"url\":\"https:\/\/obrop.uwr.edu.pl\/en\/author\/lstachowski\/\"}]}<\/script>\n<!-- \/ Yoast SEO plugin. -->","yoast_head_json":{"title":"El\u017cbieta Opi\u0142owska's research stay at the Leibniz Institute for Regional Geography - O\u015brodek Bada\u0144 Regionalnych i Obszar\u00f3w Pogranicza","robots":{"index":"index","follow":"follow","max-snippet":"max-snippet:-1","max-image-preview":"max-image-preview:large","max-video-preview":"max-video-preview:-1"},"canonical":"https:\/\/obrop.uwr.edu.pl\/en\/2025\/01\/13\/staz-badawczy-elzbiety-opilowskiej-w-leibniz-institute-for-regional-geography\/","og_locale":"en_US","og_type":"article","og_title":"El\u017cbieta Opi\u0142owska's research stay at the Leibniz Institute for Regional Geography - O\u015brodek Bada\u0144 Regionalnych i Obszar\u00f3w Pogranicza","og_description":"As part of a DAAD scholarship, El\u017cbieta Opi\u0142owska held a research internship at the Leibniz Institute for Regional Geography in Leipzig from September to December 2024.","og_url":"https:\/\/obrop.uwr.edu.pl\/en\/2025\/01\/13\/staz-badawczy-elzbiety-opilowskiej-w-leibniz-institute-for-regional-geography\/","og_site_name":"O\u015brodek Bada\u0144 Regionalnych i Obszar\u00f3w Pogranicza","article_published_time":"2025-01-13T09:27:20+00:00","article_modified_time":"2025-01-13T12:40:09+00:00","og_image":[{"width":2048,"height":1074,"url":"https:\/\/obrop.uwr.edu.pl\/wp-content\/uploads\/sites\/570\/2025\/01\/obrop1.jpg","type":"image\/jpeg"}],"author":"lstachowski","twitter_card":"summary_large_image","twitter_misc":{"Written by":"lstachowski","Est. reading time":"1 minute"},"schema":{"@context":"https:\/\/schema.org","@graph":[{"@type":"Article","@id":"https:\/\/obrop.uwr.edu.pl\/en\/2025\/01\/13\/staz-badawczy-elzbiety-opilowskiej-w-leibniz-institute-for-regional-geography\/#article","isPartOf":{"@id":"https:\/\/obrop.uwr.edu.pl\/en\/2025\/01\/13\/staz-badawczy-elzbiety-opilowskiej-w-leibniz-institute-for-regional-geography\/"},"author":{"name":"lstachowski","@id":"https:\/\/obrop.uwr.edu.pl\/#\/schema\/person\/a53fa67ac47aad432dd79d3e4d351ad0"},"headline":"El\u017cbieta Opi\u0142owska&#8217;s research stay at the Leibniz Institute for Regional Geography","datePublished":"2025-01-13T09:27:20+00:00","dateModified":"2025-01-13T12:40:09+00:00","mainEntityOfPage":{"@id":"https:\/\/obrop.uwr.edu.pl\/en\/2025\/01\/13\/staz-badawczy-elzbiety-opilowskiej-w-leibniz-institute-for-regional-geography\/"},"wordCount":41,"publisher":{"@id":"https:\/\/obrop.uwr.edu.pl\/#organization"},"image":{"@id":"https:\/\/obrop.uwr.edu.pl\/en\/2025\/01\/13\/staz-badawczy-elzbiety-opilowskiej-w-leibniz-institute-for-regional-geography\/#primaryimage"},"thumbnailUrl":"https:\/\/obrop.uwr.edu.pl\/wp-content\/uploads\/sites\/570\/2025\/01\/obrop1.jpg","articleSection":["Aktualno\u015bci"],"inLanguage":"en-US"},{"@type":"WebPage","@id":"https:\/\/obrop.uwr.edu.pl\/en\/2025\/01\/13\/staz-badawczy-elzbiety-opilowskiej-w-leibniz-institute-for-regional-geography\/","url":"https:\/\/obrop.uwr.edu.pl\/en\/2025\/01\/13\/staz-badawczy-elzbiety-opilowskiej-w-leibniz-institute-for-regional-geography\/","name":"El\u017cbieta Opi\u0142owska's research stay at the Leibniz Institute for Regional Geography - O\u015brodek Bada\u0144 Regionalnych i Obszar\u00f3w Pogranicza","isPartOf":{"@id":"https:\/\/obrop.uwr.edu.pl\/#website"},"primaryImageOfPage":{"@id":"https:\/\/obrop.uwr.edu.pl\/en\/2025\/01\/13\/staz-badawczy-elzbiety-opilowskiej-w-leibniz-institute-for-regional-geography\/#primaryimage"},"image":{"@id":"https:\/\/obrop.uwr.edu.pl\/en\/2025\/01\/13\/staz-badawczy-elzbiety-opilowskiej-w-leibniz-institute-for-regional-geography\/#primaryimage"},"thumbnailUrl":"https:\/\/obrop.uwr.edu.pl\/wp-content\/uploads\/sites\/570\/2025\/01\/obrop1.jpg","datePublished":"2025-01-13T09:27:20+00:00","dateModified":"2025-01-13T12:40:09+00:00","breadcrumb":{"@id":"https:\/\/obrop.uwr.edu.pl\/en\/2025\/01\/13\/staz-badawczy-elzbiety-opilowskiej-w-leibniz-institute-for-regional-geography\/#breadcrumb"},"inLanguage":"en-US","potentialAction":[{"@type":"ReadAction","target":["https:\/\/obrop.uwr.edu.pl\/en\/2025\/01\/13\/staz-badawczy-elzbiety-opilowskiej-w-leibniz-institute-for-regional-geography\/"]}]},{"@type":"ImageObject","inLanguage":"en-US","@id":"https:\/\/obrop.uwr.edu.pl\/en\/2025\/01\/13\/staz-badawczy-elzbiety-opilowskiej-w-leibniz-institute-for-regional-geography\/#primaryimage","url":"https:\/\/obrop.uwr.edu.pl\/wp-content\/uploads\/sites\/570\/2025\/01\/obrop1.jpg","contentUrl":"https:\/\/obrop.uwr.edu.pl\/wp-content\/uploads\/sites\/570\/2025\/01\/obrop1.jpg","width":2048,"height":1074,"caption":"grupa ludzi w sali konferencyjnej"},{"@type":"BreadcrumbList","@id":"https:\/\/obrop.uwr.edu.pl\/en\/2025\/01\/13\/staz-badawczy-elzbiety-opilowskiej-w-leibniz-institute-for-regional-geography\/#breadcrumb","itemListElement":[{"@type":"ListItem","position":1,"name":"Strona g\u0142\u00f3wna","item":"https:\/\/obrop.uwr.edu.pl\/en\/"},{"@type":"ListItem","position":2,"name":"El\u017cbieta Opi\u0142owska&#8217;s research stay at the Leibniz Institute for Regional Geography"}]},{"@type":"WebSite","@id":"https:\/\/obrop.uwr.edu.pl\/#website","url":"https:\/\/obrop.uwr.edu.pl\/","name":"O\u015brodek Bada\u0144 Regionalnych i Obszar\u00f3w Pogranicza","description":"Kolejna witryna sieci \u201eUWR Witryny\u201d","publisher":{"@id":"https:\/\/obrop.uwr.edu.pl\/#organization"},"potentialAction":[{"@type":"SearchAction","target":{"@type":"EntryPoint","urlTemplate":"https:\/\/obrop.uwr.edu.pl\/?s={search_term_string}"},"query-input":{"@type":"PropertyValueSpecification","valueRequired":true,"valueName":"search_term_string"}}],"inLanguage":"en-US"},{"@type":"Organization","@id":"https:\/\/obrop.uwr.edu.pl\/#organization","name":"O\u015brodek Bada\u0144 Regionalnych i Obszar\u00f3w Pogranicza","url":"https:\/\/obrop.uwr.edu.pl\/","logo":{"@type":"ImageObject","inLanguage":"en-US","@id":"https:\/\/obrop.uwr.edu.pl\/#\/schema\/logo\/image\/","url":"https:\/\/obrop.uwr.edu.pl\/wp-content\/uploads\/sites\/570\/2025\/10\/UWr-logotyp-2025.png","contentUrl":"https:\/\/obrop.uwr.edu.pl\/wp-content\/uploads\/sites\/570\/2025\/10\/UWr-logotyp-2025.png","width":764,"height":269,"caption":"O\u015brodek Bada\u0144 Regionalnych i Obszar\u00f3w Pogranicza"},"image":{"@id":"https:\/\/obrop.uwr.edu.pl\/#\/schema\/logo\/image\/"}},{"@type":"Person","@id":"https:\/\/obrop.uwr.edu.pl\/#\/schema\/person\/a53fa67ac47aad432dd79d3e4d351ad0","name":"lstachowski","image":{"@type":"ImageObject","inLanguage":"en-US","@id":"https:\/\/obrop.uwr.edu.pl\/#\/schema\/person\/image\/","url":"https:\/\/secure.gravatar.com\/avatar\/fdc4c50d21ee38c712a3d149840da366fefc2bb8a0fd4427dc62c6d8258354af?s=96&d=blank&r=g","contentUrl":"https:\/\/secure.gravatar.com\/avatar\/fdc4c50d21ee38c712a3d149840da366fefc2bb8a0fd4427dc62c6d8258354af?s=96&d=blank&r=g","caption":"lstachowski"},"url":"https:\/\/obrop.uwr.edu.pl\/en\/author\/lstachowski\/"}]}},"publishpress_future_action":{"enabled":false,"date":"2026-05-04 00:26:59","action":"change-status","newStatus":"draft","terms":[],"taxonomy":"category","extraData":[]},"publishpress_future_workflow_manual_trigger":{"enabledWorkflows":[]},"_links":{"self":[{"href":"https:\/\/obrop.uwr.edu.pl\/en\/wp-json\/wp\/v2\/posts\/24390\/"}],"collection":[{"href":"https:\/\/obrop.uwr.edu.pl\/en\/wp-json\/wp\/v2\/posts\/"}],"about":[{"href":"https:\/\/obrop.uwr.edu.pl\/en\/wp-json\/wp\/v2\/types\/post\/"}],"author":[{"embeddable":true,"href":"https:\/\/obrop.uwr.edu.pl\/en\/wp-json\/wp\/v2\/users\/2232\/"}],"replies":[{"embeddable":true,"href":"https:\/\/obrop.uwr.edu.pl\/en\/wp-json\/wp\/v2\/comments\/?post=24390"}],"version-history":[{"count":1,"href":"https:\/\/obrop.uwr.edu.pl\/en\/wp-json\/wp\/v2\/posts\/24390\/revisions\/"}],"predecessor-version":[{"id":24393,"href":"https:\/\/obrop.uwr.edu.pl\/en\/wp-json\/wp\/v2\/posts\/24390\/revisions\/24393\/"}],"wp:featuredmedia":[{"embeddable":true,"href":"https:\/\/obrop.uwr.edu.pl\/en\/wp-json\/wp\/v2\/media\/24255\/"}],"wp:attachment":[{"href":"https:\/\/obrop.uwr.edu.pl\/en\/wp-json\/wp\/v2\/media\/?parent=24390"}],"wp:term":[{"taxonomy":"category","embeddable":true,"href":"https:\/\/obrop.uwr.edu.pl\/en\/wp-json\/wp\/v2\/categories\/?post=24390"},{"taxonomy":"post_tag","embeddable":true,"href":"https:\/\/obrop.uwr.edu.pl\/en\/wp-json\/wp\/v2\/tags\/?post=24390"}],"curies":[{"name":"wp","href":"https:\/\/api.w.org\/{rel}","templated":true}]}}